{"id":863,"date":"2010-08-17T07:43:58","date_gmt":"2010-08-17T06:43:58","guid":{"rendered":"http:\/\/blog.abar.de\/?p=863"},"modified":"2010-08-20T21:51:25","modified_gmt":"2010-08-20T20:51:25","slug":"sachen-die-die-welt-nicht-braucht","status":"publish","type":"post","link":"https:\/\/blog.abar.de\/?p=863","title":{"rendered":"Sachen, die die Welt nicht braucht"},"content":{"rendered":"<p>Bekanntlich gehen die Meinungen dar\u00fcber, welche technischen Errungenschaften sinnvoll und welche weniger sinnvoll sind, weit auseinander. Neulich habe ich wieder erlebt, wie schnell und wenig sachkundig \u00fcber Technologie, wie z. B. das Web 2.0 geurteilt wird.<\/p>\n<p><!--more-->Gewiss ist es richtig, da\u00df mitunter sehr skurrile Effekte auftreten, wie z. B. ein <a href=\"http:\/\/www.muensterschezeitung.de\/lokales\/neuenkirchen\/Grosser-Blumenkuebel-zerstoert;art997,988637\">zerst\u00f6rter\u00a0 Blumenk\u00fcbel<\/a> im Social-Network <a href=\"http:\/\/Facebook.com\/\">Facebook<\/a> und dem Microbloggingsystem <a href=\"http:\/\/www.twitter.com\/\">Twitter<\/a>.\u00a0 Doch daraus die Schlussfolgerung abzuleiten, dass Facebook, Twitter, <a href=\"http:\/\/www.xing.com\/de\/\">Xing<\/a> und Co. sinnfreie Erfindungen w\u00e4ren, die die Welt nicht braucht, halte ich einfach nur f\u00fcr dumm.<\/p>\n<p>Sicher rufen soziale Netzwerke und andere Errungenschaften des Web 2.0 auch <a href=\"http:\/\/blog.abar.de\/archives\/812\">widerw\u00e4rtige Zeitgenossen<\/a> auf den Plan die versuchen, mit illegalen Mitteln und teils erheblicher krimineller Energie die Nutzer solcher Dienste zum eigenen Vorteil zu sch\u00e4digen.<\/p>\n<p>Doch deshalb zu behaupten, dies alles w\u00e4ren sinnfreie Erfindungen kann man so nicht stehen lassen. Schlie\u00dflich haben gerade die auf der Web 2.0 Technologie basierten Dienste und Netzwerke eine nicht zu untersch\u00e4tzende soziale Funktion. Es ist nicht mehr und nicht weniger als das wichtigste Kommunikationsmittel sehr vieler Menschen. L\u00e4nder- und Konitinentalgrenzen spielen dabei keine Rolle mehr.<\/p>\n<p>Es w\u00e4re, als w\u00fcrde man sagen, wir schaffen das Telefon ab, weil es von einigen Kriminellen missbraucht wird. Das ist einfach l\u00e4cherlich &#8230;<\/p>\n","protected":false},"excerpt":{"rendered":"<p>Bekanntlich gehen die Meinungen dar\u00fcber, welche technischen Errungenschaften sinnvoll und welche weniger sinnvoll sind, weit auseinander. Neulich habe ich wieder erlebt, wie schnell und wenig sachkundig \u00fcber Technologie, wie z. B. das Web 2.0 geurteilt wird.<\/p>\n","protected":false},"author":2,"featured_media":0,"comment_status":"open","ping_status":"open","sticky":false,"template":"","format":"standard","meta":{"ngg_post_thumbnail":0,"footnotes":""},"categories":[1,18,3,4],"tags":[196,289,194,88,17,195],"class_list":["post-863","post","type-post","status-publish","format-standard","hentry","category-allgemeines","category-internet","category-soziales","category-technik","tag-facebook","tag-internet","tag-soziale-netze","tag-twitter","tag-web-20","tag-xing"],"_links":{"self":[{"href":"https:\/\/blog.abar.de\/index.php?rest_route=\/wp\/v2\/posts\/863","targetHints":{"allow":["GET"]}}],"collection":[{"href":"https:\/\/blog.abar.de\/index.php?rest_route=\/wp\/v2\/posts"}],"about":[{"href":"https:\/\/blog.abar.de\/index.php?rest_route=\/wp\/v2\/types\/post"}],"author":[{"embeddable":true,"href":"https:\/\/blog.abar.de\/index.php?rest_route=\/wp\/v2\/users\/2"}],"replies":[{"embeddable":true,"href":"https:\/\/blog.abar.de\/index.php?rest_route=%2Fwp%2Fv2%2Fcomments&post=863"}],"version-history":[{"count":8,"href":"https:\/\/blog.abar.de\/index.php?rest_route=\/wp\/v2\/posts\/863\/revisions"}],"predecessor-version":[{"id":868,"href":"https:\/\/blog.abar.de\/index.php?rest_route=\/wp\/v2\/posts\/863\/revisions\/868"}],"wp:attachment":[{"href":"https:\/\/blog.abar.de\/index.php?rest_route=%2Fwp%2Fv2%2Fmedia&parent=863"}],"wp:term":[{"taxonomy":"category","embeddable":true,"href":"https:\/\/blog.abar.de\/index.php?rest_route=%2Fwp%2Fv2%2Fcategories&post=863"},{"taxonomy":"post_tag","embeddable":true,"href":"https:\/\/blog.abar.de\/index.php?rest_route=%2Fwp%2Fv2%2Ftags&post=863"}],"curies":[{"name":"wp","href":"https:\/\/api.w.org\/{rel}","templated":true}]}}